{"id":4136,"date":"2017-01-15T19:08:54","date_gmt":"2017-01-15T18:08:54","guid":{"rendered":"http:\/\/www.tennis-maurienne.com\/saintjean\/?p=4136"},"modified":"2017-05-21T20:28:42","modified_gmt":"2017-05-21T19:28:42","slug":"equipes-jeunes-2017","status":"publish","type":"post","link":"https:\/\/www.tennis-maurienne.com\/saintjean\/equipes\/equipes-jeunes-2017","title":{"rendered":"\u00c9QUIPES JEUNES 2017"},"content":{"rendered":"<h2>Mai 2017<\/h2>\n<p style=\"text-align: justify;\"><span id=\"fbPhotoSnowliftCaption\" tabindex=\"0\" data-ft=\"{&quot;tn&quot;:&quot;K&quot;}\">L&#8217;aventure prend fin en 1\/4 pour nos 11\/12 ans gar\u00e7ons avec une d\u00e9faite 2\/1 contre une belle \u00e9quipe d&#8217;Aix les Bains.<br \/>\nUn grand bravo \u00e0 Enzo, Johan, et Jules, super \u00e9tat d&#8217;esprit.<\/span><\/p>\n<p style=\"text-align: justify;\">&nbsp;<\/p>\n<p style=\"text-align: justify;\"><img loading=\"lazy\" decoding=\"async\" class=\"aligncenter wp-image-5236 size-large\" src=\"http:\/\/www.tennis-maurienne.com\/saintjean\/wp-content\/uploads\/2017\/01\/18588740_1520142774685057_4429409713116309564_o-1024x768.jpg\" alt=\"\" height=\"480\" width=\"640\" srcset=\"https:\/\/www.tennis-maurienne.com\/saintjean\/wp-content\/uploads\/2017\/01\/18588740_1520142774685057_4429409713116309564_o.jpg 1024w, https:\/\/www.tennis-maurienne.com\/saintjean\/wp-content\/uploads\/2017\/01\/18588740_1520142774685057_4429409713116309564_o-300x225.jpg 300w, https:\/\/www.tennis-maurienne.com\/saintjean\/wp-content\/uploads\/2017\/01\/18588740_1520142774685057_4429409713116309564_o-600x450.jpg 600w\" sizes=\"auto, (max-width: 640px) 100vw, 640px\" \/><\/p>\n<p><!--nextpage--><\/p>\n<h2>Mai 2017<\/h2>\n<p>&nbsp;<\/p>\n<p style=\"text-align: center;\">Bravo \u00e0 nos gar\u00e7ons 11\/12 ans qui gagnent 2\/1 \u00e0 Barby. ils sont premiers de la poule.<\/p>\n<blockquote>\n<p style=\"text-align: center;\">Johan, Jules et Enzo.<\/p>\n<\/blockquote>\n<p style=\"text-align: center;\"><img loading=\"lazy\" decoding=\"async\" class=\"aligncenter wp-image-4983\" src=\"http:\/\/www.tennis-maurienne.com\/saintjean\/wp-content\/uploads\/2017\/01\/18320472_1506390219393646_1898242383977703417_o-576x1024.jpg\" alt=\"\" height=\"747\" width=\"420\" srcset=\"https:\/\/www.tennis-maurienne.com\/saintjean\/wp-content\/uploads\/2017\/01\/18320472_1506390219393646_1898242383977703417_o-576x1024.jpg 576w, https:\/\/www.tennis-maurienne.com\/saintjean\/wp-content\/uploads\/2017\/01\/18320472_1506390219393646_1898242383977703417_o-169x300.jpg 169w, https:\/\/www.tennis-maurienne.com\/saintjean\/wp-content\/uploads\/2017\/01\/18320472_1506390219393646_1898242383977703417_o-600x1067.jpg 600w, https:\/\/www.tennis-maurienne.com\/saintjean\/wp-content\/uploads\/2017\/01\/18320472_1506390219393646_1898242383977703417_o.jpg 720w\" sizes=\"auto, (max-width: 420px) 100vw, 420px\" \/><\/p>\n<blockquote>\n<p style=\"text-align: center;\">&nbsp;<\/p>\n<\/blockquote>\n<p><!--nextpage--><\/p>\n<h2>Avril 2017<\/h2>\n<p style=\"text-align: justify;\">Bravo \u00e0 nos 11\/12 ans gar\u00e7ons (Johan, Jules, et Enzo) qui s&#8217;imposent 3\/0 contre l&#8217;\u00e9quipe de Montm\u00e9lian.<\/p>\n<h2><img loading=\"lazy\" decoding=\"async\" class=\"aligncenter wp-image-4694 size-full\" src=\"http:\/\/www.tennis-maurienne.com\/saintjean\/wp-content\/uploads\/2017\/01\/equipes-jeunes-avril-2017_1.jpg\" alt=\"\" height=\"540\" width=\"720\" srcset=\"https:\/\/www.tennis-maurienne.com\/saintjean\/wp-content\/uploads\/2017\/01\/equipes-jeunes-avril-2017_1.jpg 720w, https:\/\/www.tennis-maurienne.com\/saintjean\/wp-content\/uploads\/2017\/01\/equipes-jeunes-avril-2017_1-300x225.jpg 300w, https:\/\/www.tennis-maurienne.com\/saintjean\/wp-content\/uploads\/2017\/01\/equipes-jeunes-avril-2017_1-600x450.jpg 600w\" sizes=\"auto, (max-width: 720px) 100vw, 720px\" \/><\/h2>\n<p><!--nextpage--><\/p>\n<h2>Janvier 2017<\/h2>\n<p><img loading=\"lazy\" decoding=\"async\" class=\"aligncenter wp-image-4444 size-full\" src=\"http:\/\/www.tennis-maurienne.com\/saintjean\/wp-content\/uploads\/2016\/12\/equipes-jeunes-janvier-2017_3.jpg\" height=\"540\" width=\"960\" srcset=\"https:\/\/www.tennis-maurienne.com\/saintjean\/wp-content\/uploads\/2016\/12\/equipes-jeunes-janvier-2017_3.jpg 960w, https:\/\/www.tennis-maurienne.com\/saintjean\/wp-content\/uploads\/2016\/12\/equipes-jeunes-janvier-2017_3-300x169.jpg 300w\" sizes=\"auto, (max-width: 960px) 100vw, 960px\" \/><\/p>\n<p style=\"text-align: justify;\"><a href=\"http:\/\/www.tennis-maurienne.com\/saintjean\/wp-content\/uploads\/2016\/12\/equipes-jeunes-janvier-2017_4-1.jpg\"><img loading=\"lazy\" decoding=\"async\" class=\"alignleft wp-image-4507 size-medium\" src=\"http:\/\/www.tennis-maurienne.com\/saintjean\/wp-content\/uploads\/2016\/12\/equipes-jeunes-janvier-2017_4-1-300x199.jpg\" height=\"199\" width=\"300\" srcset=\"https:\/\/www.tennis-maurienne.com\/saintjean\/wp-content\/uploads\/2016\/12\/equipes-jeunes-janvier-2017_4-1-300x199.jpg 300w, https:\/\/www.tennis-maurienne.com\/saintjean\/wp-content\/uploads\/2016\/12\/equipes-jeunes-janvier-2017_4-1-1024x681.jpg 1024w, https:\/\/www.tennis-maurienne.com\/saintjean\/wp-content\/uploads\/2016\/12\/equipes-jeunes-janvier-2017_4-1-600x399.jpg 600w, https:\/\/www.tennis-maurienne.com\/saintjean\/wp-content\/uploads\/2016\/12\/equipes-jeunes-janvier-2017_4-1.jpg 2048w\" sizes=\"auto, (max-width: 300px) 100vw, 300px\" \/><\/a><\/p>\n<p style=\"text-align: justify;\">&nbsp;<\/p>\n<p style=\"text-align: justify;\">Belle journ\u00e9e pour le tennis club avec le titre de championne de Savoie de notre \u00e9quipe 15\/16 ans apr\u00e8s une tr\u00e8s belle victoire 2\/1 contre une tr\u00e8s belle \u00e9quipe de Modane.<\/p>\n<p>&nbsp;<\/p>\n<p>&nbsp;<\/p>\n<p>&nbsp;<\/p>\n<p>&nbsp;<\/p>\n<p><a href=\"http:\/\/www.tennis-maurienne.com\/saintjean\/wp-content\/uploads\/2016\/12\/equipes-jeunes-janvier-2017_4.jpg\"><img loading=\"lazy\" decoding=\"async\" class=\"alignleft wp-image-4447 size-medium\" src=\"http:\/\/www.tennis-maurienne.com\/saintjean\/wp-content\/uploads\/2016\/12\/equipes-jeunes-janvier-2017_4-300x169.jpg\" height=\"169\" width=\"300\" srcset=\"https:\/\/www.tennis-maurienne.com\/saintjean\/wp-content\/uploads\/2016\/12\/equipes-jeunes-janvier-2017_4-300x169.jpg 300w, https:\/\/www.tennis-maurienne.com\/saintjean\/wp-content\/uploads\/2016\/12\/equipes-jeunes-janvier-2017_4.jpg 960w\" sizes=\"auto, (max-width: 300px) 100vw, 300px\" \/><\/a><\/p>\n<p>&nbsp;<\/p>\n<p>En revanche, d\u00e9faite 2\/1 de notre \u00e9quipe 13\/14 ans en finale des championnats de Savoie contre le club de Barberaz.<\/p>\n<p>&nbsp;<\/p>\n<p>&nbsp;<\/p>\n<p>&nbsp;<\/p>\n<blockquote><p>Encore bravo \u00e0 eux.<\/p><\/blockquote>\n<p><strong><a href=\"http:\/\/www.tennis-maurienne.com\/saintjean\/equipes\/resultats-equipes-2017\" target=\"_blank\" rel=\"noopener noreferrer\">Retrouvez les r\u00e9sultats complets<\/a><\/strong><\/p>\n<p><!--nextpage--><\/p>\n<h2>Janvier 2017<\/h2>\n<p>Belle journ\u00e9e pour le tennis club. Apr\u00e8s l&#8217;\u00e9quipe jeunes 13\/14 ans, c&#8217;est au tour de l&#8217;\u00e9quipe 15\/16 ans d&#8217;acc\u00e9der \u00e0 la finale des championnats de Savoie apr\u00e8s une tr\u00e8s belle victoire 2\/1 contre l&#8217;\u00e9quipe de Yenne.<\/p>\n<p>&nbsp;<\/p>\n<p><img loading=\"lazy\" decoding=\"async\" class=\"aligncenter size-full wp-image-4368\" src=\"http:\/\/www.tennis-maurienne.com\/saintjean\/wp-content\/uploads\/2016\/12\/equipes-jeunes-janvier-2017_2.jpg\" alt=\"\" height=\"403\" width=\"716\" srcset=\"https:\/\/www.tennis-maurienne.com\/saintjean\/wp-content\/uploads\/2016\/12\/equipes-jeunes-janvier-2017_2.jpg 716w, https:\/\/www.tennis-maurienne.com\/saintjean\/wp-content\/uploads\/2016\/12\/equipes-jeunes-janvier-2017_2-300x169.jpg 300w, https:\/\/www.tennis-maurienne.com\/saintjean\/wp-content\/uploads\/2016\/12\/equipes-jeunes-janvier-2017_2-600x338.jpg 600w\" sizes=\"auto, (max-width: 716px) 100vw, 716px\" \/><\/p>\n<p><!--nextpage--><\/p>\n<h2>Janvier 2017<\/h2>\n<p>Nos 17\/18 ans gar\u00e7ons s&#8217;inclinent en demi finale \u00e0 Gr\u00e9sy sur Aix 3\/0 mais en se battant jusqu&#8217;au bout.<\/p>\n<p>Nos filles en 17\/18 ans s&#8217;inclinent elles aussi 3\/0 \u00e0 domicile contre Cognin.<\/p>\n<p>Mais pour finir les 13\/14 ans gar\u00e7ons se qualifient pour la finale le 29 janvier; un grand bravo \u00e0 Driss, Valentin, Aymeric et Antonin, apr\u00e8s la victoire contre Chamb\u00e9ry 2\/1.<\/p>\n<p style=\"padding-left: 30px;\">&nbsp;<\/p>\n<p><!--nextpage--><\/p>\n<h2>Janvier 2017<\/h2>\n<p>Tr\u00e8s belle journ\u00e9e pour les jeunes du tennis club de St Jean avec la qualification de nos \u00e9quipes 13\/14 ans et de nos 15\/16 ans pour les demi-finales des championnats de Savoie.<\/p>\n<p>Seul petit b\u00e9mol la d\u00e9faite des filles 17\/18 ans contre l&#8217;\u00e9quipe du TCCR. Encore un grand bravo.<\/p>\nngg_shortcode_0_placeholder\n","protected":false},"excerpt":{"rendered":"<p>Victoire des 11\/12 ans face \u00e0 Montm\u00e9lian.<\/p>\n","protected":false},"author":2,"featured_media":4694,"comment_status":"closed","ping_status":"closed","sticky":false,"template":"","format":"standard","meta":{"ngg_post_thumbnail":0,"footnotes":""},"categories":[16],"tags":[],"class_list":["post-4136","post","type-post","status-publish","format-standard","has-post-thumbnail","hentry","category-equipes"],"amp_enabled":true,"_links":{"self":[{"href":"https:\/\/www.tennis-maurienne.com\/saintjean\/wp-json\/wp\/v2\/posts\/4136","targetHints":{"allow":["GET"]}}],"collection":[{"href":"https:\/\/www.tennis-maurienne.com\/saintjean\/wp-json\/wp\/v2\/posts"}],"about":[{"href":"https:\/\/www.tennis-maurienne.com\/saintjean\/wp-json\/wp\/v2\/types\/post"}],"author":[{"embeddable":true,"href":"https:\/\/www.tennis-maurienne.com\/saintjean\/wp-json\/wp\/v2\/users\/2"}],"replies":[{"embeddable":true,"href":"https:\/\/www.tennis-maurienne.com\/saintjean\/wp-json\/wp\/v2\/comments?post=4136"}],"version-history":[{"count":40,"href":"https:\/\/www.tennis-maurienne.com\/saintjean\/wp-json\/wp\/v2\/posts\/4136\/revisions"}],"predecessor-version":[{"id":5238,"href":"https:\/\/www.tennis-maurienne.com\/saintjean\/wp-json\/wp\/v2\/posts\/4136\/revisions\/5238"}],"wp:featuredmedia":[{"embeddable":true,"href":"https:\/\/www.tennis-maurienne.com\/saintjean\/wp-json\/wp\/v2\/media\/4694"}],"wp:attachment":[{"href":"https:\/\/www.tennis-maurienne.com\/saintjean\/wp-json\/wp\/v2\/media?parent=4136"}],"wp:term":[{"taxonomy":"category","embeddable":true,"href":"https:\/\/www.tennis-maurienne.com\/saintjean\/wp-json\/wp\/v2\/categories?post=4136"},{"taxonomy":"post_tag","embeddable":true,"href":"https:\/\/www.tennis-maurienne.com\/saintjean\/wp-json\/wp\/v2\/tags?post=4136"}],"curies":[{"name":"wp","href":"https:\/\/api.w.org\/{rel}","templated":true}]}}